{"id":842,"date":"2018-03-30T09:59:38","date_gmt":"2018-03-30T07:59:38","guid":{"rendered":"http:\/\/dedale-editions.fr\/?p=842"},"modified":"2018-03-30T10:37:35","modified_gmt":"2018-03-30T08:37:35","slug":"hildoceratidae","status":"publish","type":"post","link":"https:\/\/dedale-editions.fr\/index.php\/hildoceratidae\/","title":{"rendered":"Les\u2008hildoceratidae du Lias moyen et sup\u00e9rieur &#8230; une\u2008histoire\u2008de\u2008famille"},"content":{"rendered":"<div class=\"wpb-content-wrapper\"><p>[vc_row][vc_column width=\u00a0\u00bb1\/4&Prime;][vc_empty_space height=\u00a0\u00bb15px\u00a0\u00bb][vc_gallery interval=\u00a0\u00bb0&Prime; images=\u00a0\u00bb815,822,821,820,819,818,817,823,808&Prime; img_size=\u00a0\u00bb200&#215;292&Prime;][vc_empty_space height=\u00a0\u00bb20px\u00a0\u00bb][vc_btn title=\u00a0\u00bbCommander ce livre\u00a0\u00bb color=\u00a0\u00bborange\u00a0\u00bb align=\u00a0\u00bbcenter\u00a0\u00bb i_icon_fontawesome=\u00a0\u00bbfa fa-shopping-cart\u00a0\u00bb add_icon=\u00a0\u00bbtrue\u00a0\u00bb link=\u00a0\u00bburl:https%3A%2F%2Fdedale-editions.fr%2Fwp-content%2Fuploads%2F2018%2F03%2FBDC-HILDO-3.pdf||target:%20_blank|\u00a0\u00bb][vc_btn title=\u00a0\u00bbNous contacter\u00a0\u00bb align=\u00a0\u00bbcenter\u00a0\u00bb i_icon_fontawesome=\u00a0\u00bbfa fa-envelope\u00a0\u00bb add_icon=\u00a0\u00bbtrue\u00a0\u00bb link=\u00a0\u00bburl:https%3A%2F%2Fdedale-editions.fr%2Findex.php%2Fcontact%2F||target:%20_blank|\u00a0\u00bb][\/vc_column][vc_column width=\u00a0\u00bb3\/4&Prime;][vc_column_text]<\/p>\n<h3>Pierre Lacroix et Jean-Pierre Le Pichon \u2013 2011<\/h3>\n<p><!--more-->[\/vc_column_text][vc_tta_accordion active_section=\u00a0\u00bb1&Prime; css=\u00a0\u00bb.vc_custom_1499089778779{padding-top: 25px !important;}\u00a0\u00bb][vc_tta_section i_icon_fontawesome=\u00a0\u00bbfa fa-list-ul\u00a0\u00bb add_icon=\u00a0\u00bbtrue\u00a0\u00bb title=\u00a0\u00bbDescription\u00a0\u00bb tab_id=\u00a0\u00bb1499089494028-32f5ed38-15a8bf60-f1691344-fe1c1199-a16f\u00a0\u00bb][vc_column_text]Les ammonites sont des fossiles qui suscitent beaucoup d\u2019int\u00e9r\u00eat chez les collectionneurs et les chercheurs. De nombreux travaux ont \u00e9t\u00e9 publi\u00e9s sur la famille des Hildoceratidae mais aucun ouvrage de synth\u00e8se traitant \u00e0 la fois des formes du domaine Nord-Ouest europ\u00e9en et de celles du domaine Ouest t\u00e9thysien n\u2019a \u00e9t\u00e9 r\u00e9alis\u00e9. Il paraissait int\u00e9ressant d\u2019envisager un tel travail de synth\u00e8se.<\/p>\n<p>Nous avons consid\u00e9r\u00e9 cette famille, au demeurant tr\u00e8s prolifique, depuis son apparition, au milieu du Carixien, jusqu\u2019\u00e0 son extinction, au sommet du Toarcien, ce qui repr\u00e9sente une \u00e9tendue verticale d\u2019environ 15 millions d\u2019ann\u00e9es. \u00e0 travers une description homog\u00e8ne, et dans le souci d\u2019une compr\u00e9hension des diff\u00e9rentes formes rencontr\u00e9es, nous avons abord\u00e9 les aspects \u00e9volutifs et phyl\u00e9tiques de quelques 57 genres. <strong>Une histoire de famille, en quelque sorte, illustr\u00e9e par plus de 600 sp\u00e9cimens r\u00e9partis sur plus de 1 300 photos.<\/strong><\/p>\n<p>Ouvrage de 662 pages au format 21 x 29,7 cm\u00a0 avec 174 planches et de nombreuses figures.<\/p>\n<ul>\n<li><strong>Prix de l\u2019ouvrage :<\/strong> 52\u20ac<\/li>\n<li><strong>Frais de port :<\/strong> 9\u20ac<\/li>\n<\/ul>\n<p>[\/vc_column_text][\/vc_tta_section][vc_tta_section i_icon_fontawesome=\u00a0\u00bbfa fa-user\u00a0\u00bb add_icon=\u00a0\u00bbtrue\u00a0\u00bb title=\u00a0\u00bbBiographie de l&rsquo;auteur\u00a0\u00bb tab_id=\u00a0\u00bb1499088346419-0537b792-054fbf60-f1691344-fe1c1199-a16f\u00a0\u00bb][vc_column_text]Docteur \u00e8s sciences, pharmacologue de profession et dirigeant d\u2019Entreprise, <strong>Pierre Lacroix<\/strong> s\u2019est int\u00e9ress\u00e9 \u00e0 la pal\u00e9ontologie depuis son enfance, lorsqu\u2019il parcourait la campagne du Berry \u00e0 la recherche de fossiles. Membre du Groupe fran\u00e7ais d\u2019\u00e9tude du Jurassique, de l\u2019Association Pal\u00e9ontologique Fran\u00e7aise, Pr\u00e9sident d\u2019un club de Min\u00e9ralogie et de Pal\u00e9ontologie \u00e0 Rennes (AGMFO), et aujourd\u2019hui retrait\u00e9, il continue de s\u2019int\u00e9resser aux ammonites du Jurassique.<\/p>\n<p>Des trouvailles occasionnelles lors de vacances familiales estivales en bordure m\u00e9ridionale des C\u00e9vennes dans les ann\u00e9es 80, des rencontres avec des amateurs sur le site de s\u00e9jour, ont \u00e9t\u00e9 \u00e0 l\u2019origine de l\u2019int\u00e9r\u00eat de Jean-Pierre Le Pichon pour la recherche de fossiles et de son adh\u00e9sion \u00e0 l\u2019AGMFO. Il y rencontre Pierre Lacroix avec qui il se lie d\u2019amiti\u00e9. <strong>Jean-Pierre Le Pichon<\/strong> (Docteur en 3\u00e8me Cycle Electronique et HDR, Professeur des Universit\u00e9s) est en retraite depuis fin 2004 \u2026 et photographe amateur.[\/vc_column_text][\/vc_tta_section][\/vc_tta_accordion][\/vc_column][\/vc_row]<\/p>\n<\/div>","protected":false},"excerpt":{"rendered":"<p>[vc_row][vc_column width=\u00a0\u00bb1\/4&Prime;][vc_empty_space height=\u00a0\u00bb15px\u00a0\u00bb][vc_gallery interval=\u00a0\u00bb0&Prime; images=\u00a0\u00bb815,822,821,820,819,818,817,823,808&Prime; img_size=\u00a0\u00bb200&#215;292&Prime;][vc_empty_space height=\u00a0\u00bb20px\u00a0\u00bb][vc_btn title=\u00a0\u00bbCommander ce livre\u00a0\u00bb color=\u00a0\u00bborange\u00a0\u00bb align=\u00a0\u00bbcenter\u00a0\u00bb i_icon_fontawesome=\u00a0\u00bbfa fa-shopping-cart\u00a0\u00bb add_icon=\u00a0\u00bbtrue\u00a0\u00bb link=\u00a0\u00bburl:https%3A%2F%2Fdedale-editions.fr%2Fwp-content%2Fuploads%2F2018%2F03%2FBDC-HILDO-3.pdf||target:%20_blank|\u00a0\u00bb][vc_btn title=\u00a0\u00bbNous contacter\u00a0\u00bb align=\u00a0\u00bbcenter\u00a0\u00bb i_icon_fontawesome=\u00a0\u00bbfa fa-envelope\u00a0\u00bb add_icon=\u00a0\u00bbtrue\u00a0\u00bb link=\u00a0\u00bburl:https%3A%2F%2Fdedale-editions.fr%2Findex.php%2Fcontact%2F||target:%20_blank|\u00a0\u00bb][\/vc_column][vc_column width=\u00a0\u00bb3\/4&Prime;][vc_column_text] Pierre Lacroix et Jean-Pierre Le Pichon \u2013 2011<\/p>\n","protected":false},"author":1,"featured_media":815,"comment_status":"open","ping_status":"closed","sticky":false,"template":"","format":"standard","meta":{"footnotes":""},"categories":[4],"tags":[],"class_list":["post-842","post","type-post","status-publish","format-standard","has-post-thumbnail","hentry","category-paleontologie"],"_links":{"self":[{"href":"https:\/\/dedale-editions.fr\/index.php\/wp-json\/wp\/v2\/posts\/842","targetHints":{"allow":["GET"]}}],"collection":[{"href":"https:\/\/dedale-editions.fr\/index.php\/wp-json\/wp\/v2\/posts"}],"about":[{"href":"https:\/\/dedale-editions.fr\/index.php\/wp-json\/wp\/v2\/types\/post"}],"author":[{"embeddable":true,"href":"https:\/\/dedale-editions.fr\/index.php\/wp-json\/wp\/v2\/users\/1"}],"replies":[{"embeddable":true,"href":"https:\/\/dedale-editions.fr\/index.php\/wp-json\/wp\/v2\/comments?post=842"}],"version-history":[{"count":3,"href":"https:\/\/dedale-editions.fr\/index.php\/wp-json\/wp\/v2\/posts\/842\/revisions"}],"predecessor-version":[{"id":846,"href":"https:\/\/dedale-editions.fr\/index.php\/wp-json\/wp\/v2\/posts\/842\/revisions\/846"}],"wp:featuredmedia":[{"embeddable":true,"href":"https:\/\/dedale-editions.fr\/index.php\/wp-json\/wp\/v2\/media\/815"}],"wp:attachment":[{"href":"https:\/\/dedale-editions.fr\/index.php\/wp-json\/wp\/v2\/media?parent=842"}],"wp:term":[{"taxonomy":"category","embeddable":true,"href":"https:\/\/dedale-editions.fr\/index.php\/wp-json\/wp\/v2\/categories?post=842"},{"taxonomy":"post_tag","embeddable":true,"href":"https:\/\/dedale-editions.fr\/index.php\/wp-json\/wp\/v2\/tags?post=842"}],"curies":[{"name":"wp","href":"https:\/\/api.w.org\/{rel}","templated":true}]}}