{"id":782,"date":"2018-03-29T09:54:16","date_gmt":"2018-03-29T07:54:16","guid":{"rendered":"http:\/\/dedale-editions.fr\/?p=782"},"modified":"2018-03-29T11:27:20","modified_gmt":"2018-03-29T09:27:20","slug":"les-genres-bullatimorphites-du-bathonien-moyen-et-superieur-du-maconnais-saone-et-loire-france","status":"publish","type":"post","link":"https:\/\/dedale-editions.fr\/index.php\/les-genres-bullatimorphites-du-bathonien-moyen-et-superieur-du-maconnais-saone-et-loire-france\/","title":{"rendered":"Les genres Bullatimorphites du Bathonien moyen et sup\u00e9rieur du m\u00e2connais (Sa\u00f4ne et Loire, France)"},"content":{"rendered":"<div class=\"wpb-content-wrapper\"><p>[vc_row][vc_column width=\u00a0\u00bb1\/4&Prime;][vc_empty_space height=\u00a0\u00bb15px\u00a0\u00bb][vc_gallery interval=\u00a0\u00bb0&Prime; images=\u00a0\u00bb785,786,787,788,784&Prime; img_size=\u00a0\u00bb200&#215;292&Prime;][vc_empty_space height=\u00a0\u00bb20px\u00a0\u00bb][vc_btn title=\u00a0\u00bbCommander ce livre\u00a0\u00bb color=\u00a0\u00bborange\u00a0\u00bb align=\u00a0\u00bbcenter\u00a0\u00bb i_icon_fontawesome=\u00a0\u00bbfa fa-shopping-cart\u00a0\u00bb add_icon=\u00a0\u00bbtrue\u00a0\u00bb link=\u00a0\u00bburl:https%3A%2F%2Fdedale-editions.fr%2Fwp-content%2Fuploads%2F2018%2F03%2FBDC-STRATA-52.pdf||target:%20_blank|\u00a0\u00bb][vc_btn title=\u00a0\u00bbNous contacter\u00a0\u00bb align=\u00a0\u00bbcenter\u00a0\u00bb i_icon_fontawesome=\u00a0\u00bbfa fa-envelope\u00a0\u00bb add_icon=\u00a0\u00bbtrue\u00a0\u00bb link=\u00a0\u00bburl:https%3A%2F%2Fdedale-editions.fr%2Findex.php%2Fcontact%2F||target:%20_blank|\u00a0\u00bb][\/vc_column][vc_column width=\u00a0\u00bb3\/4&Prime;][vc_column_text]<\/p>\n<h3>Arnaud, Roger Martin et Charles, Andr\u00e9 Mangold \u2013 2015<\/h3>\n<p><!--more-->[\/vc_column_text][vc_tta_accordion active_section=\u00a0\u00bb1&Prime; css=\u00a0\u00bb.vc_custom_1499089778779{padding-top: 25px !important;}\u00a0\u00bb][vc_tta_section i_icon_fontawesome=\u00a0\u00bbfa fa-list-ul\u00a0\u00bb add_icon=\u00a0\u00bbtrue\u00a0\u00bb title=\u00a0\u00bbDescription\u00a0\u00bb tab_id=\u00a0\u00bb1499089494028-32f5ed38-15a8bf60-f1691344-fe1c8e45-7db6&Prime;][vc_column_text]Les calcaires argileux du <strong>Bathonien des environs de M\u00e2con<\/strong> (Sa\u00f4ne-et-Loire) ont livr\u00e9 une i<strong>mportante faune d\u2019ammonites dat\u00e9e du sommet du Bathonien moyen<\/strong> (Zones \u00e0 Subcontractus, \u00e0 Morrisi, \u00e0 Bremeri) et de la base du Bathonien sup\u00e9rieur (Zone \u00e0 Retrocostatum). Avec les Perisphinctidae et les Oppeliidae, le genre <em>Bullatimorphites<\/em> (Perisphinctoidea, Tulitidae) \u2013 sous-genres macroconques [M] <em>B<\/em>. (<em>Bullatimorphites<\/em>), <em>B.<\/em> (<em>Kheraiceras<\/em>) et microconques [m] <em>B<\/em>. (<em>Sphaeroptychius<\/em>), <em>B.<\/em> (<em>Bomburites<\/em>) \u2013 constitue l\u2019effectif le plus abondant et le plus constant dans la s\u00e9rie stratigraphique. La diversit\u00e9 du mat\u00e9riel \u00e9tudi\u00e9, qui comprend plus d\u2019un tiers de [m], apporte des pr\u00e9cisions sur la diagnose, les rapports et la position stratigraphique des esp\u00e8ces observ\u00e9es.<\/p>\n<p>Les assises de la Zone \u00e0 Subcontractus n\u2019ont pas livr\u00e9 <em>Bullatimorphites<\/em>. <em>B. (Bullatimorphites) frederiquei<\/em> n. sp. [M] est d\u00e9crit de la Zone \u00e0 Morrisi o\u00f9 des formes [m] n\u2019ont pas encore \u00e9t\u00e9 r\u00e9colt\u00e9es. De la Sous-zone \u00e0 Bullatimorphus, l\u2019esp\u00e8ce index (Buckman) est la forme [M] la plus abondante, associ\u00e9e \u00e0 B. (B.) aff. <em>frederiquei<\/em>, <em>B.<\/em> (<em>B.<\/em>) aff. <em>ymir <\/em>(Oppel), <em>B.<\/em> (<em>B.<\/em>) <em>costatus <\/em>(Arkell) et <em>B.<\/em> (<em>B.<\/em>) <em>globulicostatusn<\/em>. sp. Les formes [m] qu\u2019elles c\u00f4toient sont <em>B.<\/em> (<em>Sphaeroptychius<\/em>) marginatus (Arkell), la plus fr\u00e9quente, et <em>B.<\/em> (<em>Sph.<\/em>) <em>lucasi<\/em> (de Grossouvre).<\/p>\n<p>De la Sous-zone \u00e0 Fortecostatum, <em>B.<\/em> (<em>B.<\/em>) <em>subcostatus<\/em> (Besnosov) regroupe la presque totalit\u00e9 des [M] et <em>B.<\/em> (<em>Sph.<\/em>) <em>buckmani<\/em> (Lissajous) la majorit\u00e9 des [m]. Un unique <em>B.<\/em> (<em>Kheraiceras<\/em>) sp. cf. <em>hannoveranus<\/em> (Roemer) [M] est d\u00e9crit de ce niveau ainsi que les premiers <em>B.<\/em> (<em>Bomburites<\/em>) [m] avec <em>B.<\/em> (<em>Bo.<\/em>) <em>crimaciense<\/em> (Enay) et <em>B.<\/em> (<em>Bo.<\/em>) <em>boulangeri<\/em> (Collignon).<\/p>\n<p>De la Zone \u00e0 Retrocostatum, <em>B.<\/em> (<em>Kheraiceras<\/em>) <em>hannoveranus<\/em> est l\u2019unique forme [M] r\u00e9colt\u00e9e, avec <em>B.<\/em> (<em>Bomburites<\/em>) <em>suevicus<\/em> [m], fr\u00e9quent, <em>B.<\/em> (<em>Bo.<\/em>) <em>uhligi<\/em> (Popovici-Hatzeg) [m] et <em>B.<\/em> (<em>Bo.<\/em>) <em>laurenti<\/em> (Enay), plus rares.<\/p>\n<p>Dans ces niveaux, le couplage des morphes [M] et [m] dans une m\u00eame esp\u00e8ce est encore difficile ; il est discut\u00e9 pour <em>B.<\/em> (<em>B.<\/em>) <em>bullatimorphus<\/em> [M] et <em>B.<\/em> (<em>Sph.<\/em>) <em>marginatus<\/em> [m], pour <em>B.<\/em> (<em>B.<\/em>) <em>subcostatus<\/em> [M] et <em>B.<\/em> (<em>Sph.<\/em>) <em>buckmani<\/em> [m], et pour <em>B.<\/em> (<em>Kh.<\/em>) <em>hannoveranus<\/em> [M] et<em> B.<\/em> (<em>Bo.<\/em>) <em>suevicus<\/em> [m].<\/p>\n<p><strong>Mots-cl\u00e9s<\/strong> : Ammonites, Bullatimorphites, Tullididae, Jurassique, Bathonien, Biostratigraphie, M\u00e2connais, Sa\u00f4ne-et-Loire.<\/p>\n<p>Ouvrage de 119 pages au format 21 x 29,7 cm avec 23 planches et de nombreuses figures.<\/p>\n<ul>\n<li><strong>Prix de l\u2019ouvrage :<\/strong> 25\u20ac (frais de port inclus)<\/li>\n<li><strong>ISSN : <\/strong>296-255<\/li>\n<li><strong>ISBN :<\/strong> 978-2-9548452-3-4<\/li>\n<\/ul>\n<p>[\/vc_column_text][\/vc_tta_section][vc_tta_section i_icon_fontawesome=\u00a0\u00bbfa fa-user\u00a0\u00bb add_icon=\u00a0\u00bbtrue\u00a0\u00bb title=\u00a0\u00bbBiographie de l&rsquo;auteur\u00a0\u00bb tab_id=\u00a0\u00bb1499088346419-0537b792-054fbf60-f1691344-fe1c8e45-7db6&Prime;][vc_column_text]<strong>Charles Mangold<\/strong> (1933-2014) fut Professeur du Laboratoire de G\u00e9ologie des Ensembles S\u00e9dimentaires de l\u2019Universit\u00e9 Nancy 1 puis du D\u00e9partement des Sciences de la Terre \u00e0 l\u2019Universit\u00e9 Claude-Bernard Lyon 1. D\u00e8s 1959, ses travaux portent sur la stratigraphie et l\u2019\u00e9tude des ammonites \u2013 en particulier les Perisphinctidae \u2013 du Bathonien et du Callovien du Jura, concr\u00e9tis\u00e9s par une th\u00e8se d\u2019\u00c9tat soutenue en 1970. R\u00e9f\u00e9rent international reconnu pour le Bathonien, ses apports \u00e0 la stratigraphie de cet \u00e9tage du Jurassique sont l\u2019aboutissement de nombreuses missions sur le terrain en France, au Portugal, en Espagne, en Suisse, en Arabie Saoudite. R\u00e9cemment, il avait particip\u00e9 aux travaux de d\u00e9signation du stratotype du passage Bajocien-Bathonien (coupe de Ravin de B\u00e8s, bassin du Sud-Est de la France). Outre les Perisphinctidae, ses recherches ont pr\u00e9cis\u00e9 la taxinomie et la phylog\u00e9n\u00e8se de plusieurs familles d\u2019ammonites du Bathonien, notamment les Morphoceratidae et les Tulitidae, avec d\u2019importantes contributions pour l\u2019\u00e9tablissement des \u00e9chelles biostratigraphiques et pour les corr\u00e9lations biochronologiques inter-provinces de cet \u00e9tage. Il a \u00e9t\u00e9 secr\u00e9taire du Groupe Fran\u00e7ais de l\u2019\u00e9tude du Jurassique de 1987 \u00e0 1989.[\/vc_column_text][\/vc_tta_section][\/vc_tta_accordion][\/vc_column][\/vc_row]<\/p>\n<\/div>","protected":false},"excerpt":{"rendered":"<p>[vc_row][vc_column width=\u00a0\u00bb1\/4&Prime;][vc_empty_space height=\u00a0\u00bb15px\u00a0\u00bb][vc_gallery interval=\u00a0\u00bb0&Prime; images=\u00a0\u00bb785,786,787,788,784&Prime; img_size=\u00a0\u00bb200&#215;292&Prime;][vc_empty_space height=\u00a0\u00bb20px\u00a0\u00bb][vc_btn title=\u00a0\u00bbCommander ce livre\u00a0\u00bb color=\u00a0\u00bborange\u00a0\u00bb align=\u00a0\u00bbcenter\u00a0\u00bb i_icon_fontawesome=\u00a0\u00bbfa fa-shopping-cart\u00a0\u00bb add_icon=\u00a0\u00bbtrue\u00a0\u00bb link=\u00a0\u00bburl:https%3A%2F%2Fdedale-editions.fr%2Fwp-content%2Fuploads%2F2018%2F03%2FBDC-STRATA-52.pdf||target:%20_blank|\u00a0\u00bb][vc_btn title=\u00a0\u00bbNous contacter\u00a0\u00bb align=\u00a0\u00bbcenter\u00a0\u00bb i_icon_fontawesome=\u00a0\u00bbfa fa-envelope\u00a0\u00bb add_icon=\u00a0\u00bbtrue\u00a0\u00bb link=\u00a0\u00bburl:https%3A%2F%2Fdedale-editions.fr%2Findex.php%2Fcontact%2F||target:%20_blank|\u00a0\u00bb][\/vc_column][vc_column width=\u00a0\u00bb3\/4&Prime;][vc_column_text] Arnaud, Roger Martin et Charles, Andr\u00e9 Mangold \u2013 2015<\/p>\n","protected":false},"author":1,"featured_media":785,"comment_status":"open","ping_status":"closed","sticky":false,"template":"","format":"standard","meta":{"footnotes":""},"categories":[4],"tags":[],"class_list":["post-782","post","type-post","status-publish","format-standard","has-post-thumbnail","hentry","category-paleontologie"],"_links":{"self":[{"href":"https:\/\/dedale-editions.fr\/index.php\/wp-json\/wp\/v2\/posts\/782","targetHints":{"allow":["GET"]}}],"collection":[{"href":"https:\/\/dedale-editions.fr\/index.php\/wp-json\/wp\/v2\/posts"}],"about":[{"href":"https:\/\/dedale-editions.fr\/index.php\/wp-json\/wp\/v2\/types\/post"}],"author":[{"embeddable":true,"href":"https:\/\/dedale-editions.fr\/index.php\/wp-json\/wp\/v2\/users\/1"}],"replies":[{"embeddable":true,"href":"https:\/\/dedale-editions.fr\/index.php\/wp-json\/wp\/v2\/comments?post=782"}],"version-history":[{"count":1,"href":"https:\/\/dedale-editions.fr\/index.php\/wp-json\/wp\/v2\/posts\/782\/revisions"}],"predecessor-version":[{"id":789,"href":"https:\/\/dedale-editions.fr\/index.php\/wp-json\/wp\/v2\/posts\/782\/revisions\/789"}],"wp:featuredmedia":[{"embeddable":true,"href":"https:\/\/dedale-editions.fr\/index.php\/wp-json\/wp\/v2\/media\/785"}],"wp:attachment":[{"href":"https:\/\/dedale-editions.fr\/index.php\/wp-json\/wp\/v2\/media?parent=782"}],"wp:term":[{"taxonomy":"category","embeddable":true,"href":"https:\/\/dedale-editions.fr\/index.php\/wp-json\/wp\/v2\/categories?post=782"},{"taxonomy":"post_tag","embeddable":true,"href":"https:\/\/dedale-editions.fr\/index.php\/wp-json\/wp\/v2\/tags?post=782"}],"curies":[{"name":"wp","href":"https:\/\/api.w.org\/{rel}","templated":true}]}}