{"id":659,"date":"2018-03-23T12:09:42","date_gmt":"2018-03-23T11:09:42","guid":{"rendered":"http:\/\/dedale-editions.fr\/?p=659"},"modified":"2018-03-23T12:09:42","modified_gmt":"2018-03-23T11:09:42","slug":"uber-die-zone-des-ammonites-sowerbyi","status":"publish","type":"post","link":"https:\/\/dedale-editions.fr\/index.php\/uber-die-zone-des-ammonites-sowerbyi\/","title":{"rendered":"\u00dcber die zone des Ammonites Sowerbyi"},"content":{"rendered":"<div class=\"wpb-content-wrapper\"><p>[vc_row][vc_column width=\u00a0\u00bb1\/4&Prime;][vc_empty_space height=\u00a0\u00bb15px\u00a0\u00bb][vc_gallery interval=\u00a0\u00bb0&Prime; images=\u00a0\u00bb661,662,663,664,665&Prime; img_size=\u00a0\u00bb200&#215;292&Prime;][vc_empty_space height=\u00a0\u00bb20px\u00a0\u00bb][vc_btn title=\u00a0\u00bbCommander ce livre\u00a0\u00bb color=\u00a0\u00bborange\u00a0\u00bb align=\u00a0\u00bbcenter\u00a0\u00bb i_icon_fontawesome=\u00a0\u00bbfa fa-shopping-cart\u00a0\u00bb add_icon=\u00a0\u00bbtrue\u00a0\u00bb link=\u00a0\u00bburl:https%3A%2F%2Fdedale-editions.fr%2Fwp-content%2Fuploads%2F2018%2F03%2FBDC-WAAGEN.pdf||target:%20_blank|\u00a0\u00bb][vc_btn title=\u00a0\u00bbNous contacter\u00a0\u00bb align=\u00a0\u00bbcenter\u00a0\u00bb i_icon_fontawesome=\u00a0\u00bbfa fa-envelope\u00a0\u00bb add_icon=\u00a0\u00bbtrue\u00a0\u00bb link=\u00a0\u00bburl:https%3A%2F%2Fdedale-editions.fr%2Findex.php%2Fcontact%2F||target:%20_blank|\u00a0\u00bb][\/vc_column][vc_column width=\u00a0\u00bb3\/4&Prime;][vc_column_text]<\/p>\n<h3>Wilhem Waagen &#8211; 1867<\/h3>\n<p><!--more-->[\/vc_column_text][vc_tta_accordion active_section=\u00a0\u00bb1&Prime; css=\u00a0\u00bb.vc_custom_1499089778779{padding-top: 25px !important;}\u00a0\u00bb][vc_tta_section i_icon_fontawesome=\u00a0\u00bbfa fa-list-ul\u00a0\u00bb add_icon=\u00a0\u00bbtrue\u00a0\u00bb title=\u00a0\u00bbDescription\u00a0\u00bb tab_id=\u00a0\u00bb1499089494028-32f5ed38-15a8bf60-f1691344-fe1c66f1-4efc\u00a0\u00bb][vc_column_text]N\u00e9 \u00e0 Munich, <strong>Wilhelm Waagen<\/strong> fait ses \u00e9tudes dans cette ville et \u00e0 Z\u00fcrich. C\u2019est \u00e0 Munich qu\u2019il passe sa th\u00e8se sur la g\u00e9ologie du Jura en 1864 et devient enseignant en pal\u00e9ontologie \u00e0 l\u2019Universit\u00e9, tout en \u00e9tant pr\u00e9cepteur du prince Arnolphe et de la princesse Th\u00e9r\u00e8se de Bavi\u00e8re.<\/p>\n<p>En 1870, il accepte un emploi de pal\u00e9ontologue au Service g\u00e9ologique de l\u2019Inde. Supportant mal le climat, il regagne Vienne en 1875 et y obtient un poste \u00e0 l\u2019universit\u00e9. En 1879, il occupe la chaire de min\u00e9ralogie et g\u00e9ologie \u00e0 L\u2019\u00e9cole polytechnique allemande de Prague.<\/p>\n<p>Apr\u00e8s la disparition de J. Barrande, il poursuit l\u2019\u00e9dition du syst\u00e8me silurien de Boh\u00eame dont il publie en 1899, le volume consacr\u00e9 aux crino\u00efdes.<\/p>\n<p>Apr\u00e8s la mort de M. Neumayr ; il devient professeur de pal\u00e9ontologie \u00e0 l\u2019universit\u00e9 de Vienne. Si Waagen n\u2019a pas \u00e9t\u00e9 tr\u00e8s prolifique il laisse, n\u00e9anmoins, d\u2019int\u00e9ressants \u00e9crits concernant notamment les c\u00e9phalopodes jurassiques de Kutch et les fossiles des Salt Range, ouvrages qui font partie de Palaeontologica Indica. Il admet, en \u00e9tudiant les ammonites, que l\u2019\u00e9volution correspond \u00e0 un perfectionnement croissant de la morphologie sans intervention de processus de s\u00e9lection.<\/p>\n<p>&nbsp;<\/p>\n<p><strong>Ouvrage de 190 pages, au format 21 x 29,7 cm avec 11 planches, <\/strong><strong>imprim\u00e9 dans le respect de l\u2019\u00e9dition originale en noir et blanc, sur un bouffant 90 gr ivoire, couverture mat 300 gr.<\/strong><\/p>\n<ul>\n<li><strong>Prix de l\u2019ouvrage :<\/strong> 30\u20ac<\/li>\n<li><strong>Frais de port :<\/strong> 8\u20ac (10\u20ac pour 2 volumes)<\/li>\n<\/ul>\n<p>[\/vc_column_text][\/vc_tta_section][vc_tta_section i_icon_fontawesome=\u00a0\u00bbfa fa-user\u00a0\u00bb add_icon=\u00a0\u00bbtrue\u00a0\u00bb title=\u00a0\u00bbBiographie de l&rsquo;auteur\u00a0\u00bb tab_id=\u00a0\u00bb1499088346419-0537b792-054fbf60-f1691344-fe1c66f1-4efc\u00a0\u00bb][vc_column_text]Cette premi\u00e8re description du Pliensbachien inf\u00e9rieur de la Vend\u00e9e (France) est permise par l\u2019\u00e9tude d\u2019une nouvelle coupe situ\u00e9e sur la commune du Bernard et, pour comparaison, de cinq autres coupes de Vend\u00e9e littorale et de Vend\u00e9e m\u00e9ridionale.<\/p>\n<p>L\u2019\u00e9tude stratigraphique de d\u00e9tail est pr\u00e9cis\u00e9e ainsi que le contexte s\u00e9dimentologique, pal\u00e9o\u00e9cologique et pal\u00e9og\u00e9ographique local. Les ammonites y sont remarquablement diversifi\u00e9es. Quatre vingt dix huit taxons d\u2019ammonites distincts sont d\u00e9crits et illustr\u00e9s dans cet ouvrage. Cette \u00e9tude a permis une nouvelle d\u00e9finition de plusieurs taxons. Deux sont \u00e9rig\u00e9s au rang d\u2019esp\u00e8ce nouvelle : Uptonia atlantica nov. sp., qui prolonge dans la Sous- Zone \u00e0 Masseanum le clade monophyl\u00e9tique des Uptonia ; Aegoceras truemani nov. sp., premi\u00e8re esp\u00e8ce d\u2019Aegoceras de la Zone \u00e0 Davoei.<\/p>\n<p>Plusieurs autres, qui \u00e9taient peu connus et peu utilis\u00e9s, sont r\u00e9habilit\u00e9s, tels Platypleuroceras amplinatrix, Acanthopleuroceras quadratum et Uptonia regnardi dont un n\u00e9otype est ici d\u00e9sign\u00e9. Une nouvelle interpr\u00e9tation de l\u2019esp\u00e8ce Uptonia jamesoni est propos\u00e9e. La r\u00e9solution biostratigraphique autoris\u00e9e, notamment par la coupe du Bernard, a permis de r\u00e9partir les ammonites du Pliensbachien inf\u00e9rieur en 23 biohorizons distincts qui sont corr\u00e9l\u00e9s avec la biozonation standard en vigueur dans la Province nord-ouest-europ\u00e9enne.<\/p>\n<p>L\u2019originalit\u00e9 des associations est cependant marqu\u00e9e par la pr\u00e9sence, dans la Zone \u00e0 Ibex, de plusieurs taxons consid\u00e9r\u00e9s \u00e0 ce jour comme repr\u00e9sentatifs de l\u2019end\u00e9misme lusitanien, Acanthopleuroceras carinatum atlanticum, Uptonia atlantica nov. sp, Dayiceras dayiceroides, qui sont pour la premi\u00e8re fois signal\u00e9s en dehors du Portugal. La pr\u00e9sence de ces ammonites est induite par une configuration pal\u00e9og\u00e9ographique locale favorable aux \u00e9changes et aux migrations de faune.<\/p>\n<p>Elle t\u00e9moigne de la large ouverture de la marge vend\u00e9enne du Bassin d\u2019Aquitaine sur les bassins proto-atlantiques plus occidentaux que les reconstitutions palinspastiques d\u00e9crivent comme proches. Elles remettent en cause l\u2019existence d\u2019un end\u00e9misme purement lusitanien, au Lias, et sugg\u00e8rent un particularisme \u00ab atlantique \u00bb \u00e9largi \u00e0 l\u2019ensemble des bassins proto-oc\u00e9aniques de l\u2019Europe occidentale et \u00e0 leurs marges.[\/vc_column_text][\/vc_tta_section][\/vc_tta_accordion][\/vc_column][\/vc_row]<\/p>\n<\/div>","protected":false},"excerpt":{"rendered":"<p>[vc_row][vc_column width=\u00a0\u00bb1\/4&Prime;][vc_empty_space height=\u00a0\u00bb15px\u00a0\u00bb][vc_gallery interval=\u00a0\u00bb0&Prime; images=\u00a0\u00bb661,662,663,664,665&Prime; img_size=\u00a0\u00bb200&#215;292&Prime;][vc_empty_space height=\u00a0\u00bb20px\u00a0\u00bb][vc_btn title=\u00a0\u00bbCommander ce livre\u00a0\u00bb color=\u00a0\u00bborange\u00a0\u00bb align=\u00a0\u00bbcenter\u00a0\u00bb i_icon_fontawesome=\u00a0\u00bbfa fa-shopping-cart\u00a0\u00bb add_icon=\u00a0\u00bbtrue\u00a0\u00bb link=\u00a0\u00bburl:https%3A%2F%2Fdedale-editions.fr%2Fwp-content%2Fuploads%2F2018%2F03%2FBDC-WAAGEN.pdf||target:%20_blank|\u00a0\u00bb][vc_btn title=\u00a0\u00bbNous contacter\u00a0\u00bb align=\u00a0\u00bbcenter\u00a0\u00bb i_icon_fontawesome=\u00a0\u00bbfa fa-envelope\u00a0\u00bb add_icon=\u00a0\u00bbtrue\u00a0\u00bb link=\u00a0\u00bburl:https%3A%2F%2Fdedale-editions.fr%2Findex.php%2Fcontact%2F||target:%20_blank|\u00a0\u00bb][\/vc_column][vc_column width=\u00a0\u00bb3\/4&Prime;][vc_column_text] Wilhem Waagen &#8211; 1867<\/p>\n","protected":false},"author":1,"featured_media":661,"comment_status":"open","ping_status":"closed","sticky":false,"template":"","format":"standard","meta":{"footnotes":""},"categories":[4],"tags":[],"class_list":["post-659","post","type-post","status-publish","format-standard","has-post-thumbnail","hentry","category-paleontologie"],"_links":{"self":[{"href":"https:\/\/dedale-editions.fr\/index.php\/wp-json\/wp\/v2\/posts\/659","targetHints":{"allow":["GET"]}}],"collection":[{"href":"https:\/\/dedale-editions.fr\/index.php\/wp-json\/wp\/v2\/posts"}],"about":[{"href":"https:\/\/dedale-editions.fr\/index.php\/wp-json\/wp\/v2\/types\/post"}],"author":[{"embeddable":true,"href":"https:\/\/dedale-editions.fr\/index.php\/wp-json\/wp\/v2\/users\/1"}],"replies":[{"embeddable":true,"href":"https:\/\/dedale-editions.fr\/index.php\/wp-json\/wp\/v2\/comments?post=659"}],"version-history":[{"count":1,"href":"https:\/\/dedale-editions.fr\/index.php\/wp-json\/wp\/v2\/posts\/659\/revisions"}],"predecessor-version":[{"id":666,"href":"https:\/\/dedale-editions.fr\/index.php\/wp-json\/wp\/v2\/posts\/659\/revisions\/666"}],"wp:featuredmedia":[{"embeddable":true,"href":"https:\/\/dedale-editions.fr\/index.php\/wp-json\/wp\/v2\/media\/661"}],"wp:attachment":[{"href":"https:\/\/dedale-editions.fr\/index.php\/wp-json\/wp\/v2\/media?parent=659"}],"wp:term":[{"taxonomy":"category","embeddable":true,"href":"https:\/\/dedale-editions.fr\/index.php\/wp-json\/wp\/v2\/categories?post=659"},{"taxonomy":"post_tag","embeddable":true,"href":"https:\/\/dedale-editions.fr\/index.php\/wp-json\/wp\/v2\/tags?post=659"}],"curies":[{"name":"wp","href":"https:\/\/api.w.org\/{rel}","templated":true}]}}