{"id":648,"date":"2018-03-23T11:24:47","date_gmt":"2018-03-23T10:24:47","guid":{"rendered":"http:\/\/dedale-editions.fr\/?p=648"},"modified":"2018-03-23T11:24:47","modified_gmt":"2018-03-23T10:24:47","slug":"nouvelles-recherches-sur-les-fossiles-des-terrains-secondaires-de-la-province-de-luxembourg","status":"publish","type":"post","link":"https:\/\/dedale-editions.fr\/index.php\/nouvelles-recherches-sur-les-fossiles-des-terrains-secondaires-de-la-province-de-luxembourg\/","title":{"rendered":"Nouvelles recherches sur les fossiles des terrains secondaires de la Province de Luxembourg"},"content":{"rendered":"<div class=\"wpb-content-wrapper\"><p>[vc_row][vc_column width=\u00a0\u00bb1\/4&Prime;][vc_empty_space height=\u00a0\u00bb15px\u00a0\u00bb][vc_gallery interval=\u00a0\u00bb0&Prime; images=\u00a0\u00bb656,650,651,652,653,654,655&Prime; img_size=\u00a0\u00bb200&#215;292&Prime;][vc_empty_space height=\u00a0\u00bb20px\u00a0\u00bb][vc_btn title=\u00a0\u00bbCommander ce livre\u00a0\u00bb color=\u00a0\u00bborange\u00a0\u00bb align=\u00a0\u00bbcenter\u00a0\u00bb i_icon_fontawesome=\u00a0\u00bbfa fa-shopping-cart\u00a0\u00bb add_icon=\u00a0\u00bbtrue\u00a0\u00bb link=\u00a0\u00bburl:https%3A%2F%2Fdedale-editions.fr%2Fwp-content%2Fuploads%2F2018%2F03%2FBDC-CHAPUIS.pdf||target:%20_blank|\u00a0\u00bb][vc_btn title=\u00a0\u00bbNous contacter\u00a0\u00bb align=\u00a0\u00bbcenter\u00a0\u00bb i_icon_fontawesome=\u00a0\u00bbfa fa-envelope\u00a0\u00bb add_icon=\u00a0\u00bbtrue\u00a0\u00bb link=\u00a0\u00bburl:https%3A%2F%2Fdedale-editions.fr%2Findex.php%2Fcontact%2F||target:%20_blank|\u00a0\u00bb][\/vc_column][vc_column width=\u00a0\u00bb3\/4&Prime;][vc_column_text]<\/p>\n<h3>F. Chapuis &#8211; 1858<\/h3>\n<p><!--more-->[\/vc_column_text][vc_tta_accordion active_section=\u00a0\u00bb1&Prime; css=\u00a0\u00bb.vc_custom_1499089778779{padding-top: 25px !important;}\u00a0\u00bb][vc_tta_section i_icon_fontawesome=\u00a0\u00bbfa fa-list-ul\u00a0\u00bb add_icon=\u00a0\u00bbtrue\u00a0\u00bb title=\u00a0\u00bbDescription\u00a0\u00bb tab_id=\u00a0\u00bb1499089494028-32f5ed38-15a8bf60-f1691344-fe1c1f77-a23d\u00a0\u00bb][vc_column_text]\u201c Lorsque, vers la fin de l\u2019ann\u00e9e 1851, nous e\u00fbmes termin\u00e9 notre premier travail sur les fossiles des terrains secondaires de la province de Luxembourg, il nous restait en collection un certain nombre d\u2019esp\u00e8ces dont il nous a \u00e9t\u00e9 impossible de faire la d\u00e9termination, par suite du mauvais \u00e9tat des exemplaires\u00a0; d\u2019autre part, nous voyions signal\u00e9es par les auteurs, dans les couches analogues des contr\u00e9es voisines, des esp\u00e8ces nombreuses, remarquables, caract\u00e9ristiques, que nous n\u2019avions pas rencontrees dans nos recherches\u00a0; ces deux motifs nous engagerent puissamment \u00e0 poursuivre nos investigations.<\/p>\n<p>Au mois de septembre 1852, je me trouvai de nouveau avec mon ami et collaborateur, le docteur G. Dewalque, sur les terrains \u00e0 explorer. Nous avons pu consacrer six semaines \u00e0 de nouvelles recherches, et certes, j\u2019\u00e9prouve aujourd&rsquo;hui la satisfaction de voir qu\u2019elles n&rsquo;ont pas \u00e9t\u00e9 infructueuses\u00a0; car le nombre des esp\u00e8ces sera \u00e0 peu pr\u00e8s doubl\u00e9.<\/p>\n<p>Ajoutons que M. Dewalque a fait un troisi\u00e8me voyage dans la province et le grand-duch\u00e9 de Luxembourg, en vue d\u2019\u00e9claircir certains points de stratigraphie. Il a pu recueillir encore quelques fossiles nouveaux pour notre Faune, et pendant son s\u00e9jour \u00e0 Luxembourg, la Soci\u00e9t\u00e9 des sciences natur\u00b7elles du Grand-Duch\u00e9 a bien voulu lui permettre d\u2019emporter les fossiles de son mus\u00e9e qui pouvaient nous \u00eatre de quelque utilit\u00e9. Que Ia soci\u00e9t\u00e9 veuille recevoir l\u2019expression de nos sentiments de gratitude pour la bienveillance qu\u2019elle nous a montr\u00e9e en diverses occasions.<\/p>\n<p>Mes \u00e9tudes universitaires termin\u00e9es, j\u2019ai quitt\u00e9 la ville de Li\u00e9ge, et la pratique de la m\u00e9decine ne me permettant pas d\u2019y revenir souvent, j&rsquo;ai d\u00fb, bien \u00e0 regret, renoncer \u00e0 une collaboration utile et pleine de charmes. En cons\u00e9quence, le travail que j&rsquo;ai l\u2019honneur de pr\u00e9senter aujourd\u2019hui \u00e0 l\u2019Acad\u00e9mie royale de Belgique est le r\u00e9sultat de mes recherches\u00a0; recherches longues et arides sans doute, mais que je me rappellerai avec plaisir et bonheur, si l\u2019Acad\u00e9mie veut bien accueillir ce m\u00e9moire et le juger digne de figurer dans ses recueils.\u201d<\/p>\n<p>F. Chapuis \u2013 Verviers, le 17 mars 1858.<\/p>\n<p>&nbsp;<\/p>\n<p><strong>Ouvrage de 194 pages, au format 21 x 29,7 cm avec 20 planches, imprim\u00e9 dans le respect de l\u2019\u00e9dition originale en noir et blanc, sur un bouffant 90 gr ivoire, couverture mat 300 gr.<\/strong><\/p>\n<ul>\n<li><strong>Prix de l\u2019ouvrage :<\/strong> 30\u20ac<\/li>\n<li><strong>Frais de port :<\/strong> 8\u20ac (10\u20ac pour 2 volumes)<\/li>\n<\/ul>\n<p>[\/vc_column_text][\/vc_tta_section][vc_tta_section i_icon_fontawesome=\u00a0\u00bbfa fa-user\u00a0\u00bb add_icon=\u00a0\u00bbtrue\u00a0\u00bb title=\u00a0\u00bbBiographie de l&rsquo;auteur\u00a0\u00bb tab_id=\u00a0\u00bb1499088346419-0537b792-054fbf60-f1691344-fe1c1f77-a23d\u00a0\u00bb][vc_column_text]Cette premi\u00e8re description du Pliensbachien inf\u00e9rieur de la Vend\u00e9e (France) est permise par l\u2019\u00e9tude d\u2019une nouvelle coupe situ\u00e9e sur la commune du Bernard et, pour comparaison, de cinq autres coupes de Vend\u00e9e littorale et de Vend\u00e9e m\u00e9ridionale.<\/p>\n<p>L\u2019\u00e9tude stratigraphique de d\u00e9tail est pr\u00e9cis\u00e9e ainsi que le contexte s\u00e9dimentologique, pal\u00e9o\u00e9cologique et pal\u00e9og\u00e9ographique local. Les ammonites y sont remarquablement diversifi\u00e9es. Quatre vingt dix huit taxons d\u2019ammonites distincts sont d\u00e9crits et illustr\u00e9s dans cet ouvrage. Cette \u00e9tude a permis une nouvelle d\u00e9finition de plusieurs taxons. Deux sont \u00e9rig\u00e9s au rang d\u2019esp\u00e8ce nouvelle : Uptonia atlantica nov. sp., qui prolonge dans la Sous- Zone \u00e0 Masseanum le clade monophyl\u00e9tique des Uptonia ; Aegoceras truemani nov. sp., premi\u00e8re esp\u00e8ce d\u2019Aegoceras de la Zone \u00e0 Davoei.<\/p>\n<p>Plusieurs autres, qui \u00e9taient peu connus et peu utilis\u00e9s, sont r\u00e9habilit\u00e9s, tels Platypleuroceras amplinatrix, Acanthopleuroceras quadratum et Uptonia regnardi dont un n\u00e9otype est ici d\u00e9sign\u00e9. Une nouvelle interpr\u00e9tation de l\u2019esp\u00e8ce Uptonia jamesoni est propos\u00e9e. La r\u00e9solution biostratigraphique autoris\u00e9e, notamment par la coupe du Bernard, a permis de r\u00e9partir les ammonites du Pliensbachien inf\u00e9rieur en 23 biohorizons distincts qui sont corr\u00e9l\u00e9s avec la biozonation standard en vigueur dans la Province nord-ouest-europ\u00e9enne.<\/p>\n<p>L\u2019originalit\u00e9 des associations est cependant marqu\u00e9e par la pr\u00e9sence, dans la Zone \u00e0 Ibex, de plusieurs taxons consid\u00e9r\u00e9s \u00e0 ce jour comme repr\u00e9sentatifs de l\u2019end\u00e9misme lusitanien, Acanthopleuroceras carinatum atlanticum, Uptonia atlantica nov. sp, Dayiceras dayiceroides, qui sont pour la premi\u00e8re fois signal\u00e9s en dehors du Portugal. La pr\u00e9sence de ces ammonites est induite par une configuration pal\u00e9og\u00e9ographique locale favorable aux \u00e9changes et aux migrations de faune.<\/p>\n<p>Elle t\u00e9moigne de la large ouverture de la marge vend\u00e9enne du Bassin d\u2019Aquitaine sur les bassins proto-atlantiques plus occidentaux que les reconstitutions palinspastiques d\u00e9crivent comme proches. Elles remettent en cause l\u2019existence d\u2019un end\u00e9misme purement lusitanien, au Lias, et sugg\u00e8rent un particularisme \u00ab atlantique \u00bb \u00e9largi \u00e0 l\u2019ensemble des bassins proto-oc\u00e9aniques de l\u2019Europe occidentale et \u00e0 leurs marges.[\/vc_column_text][\/vc_tta_section][\/vc_tta_accordion][\/vc_column][\/vc_row]<\/p>\n<\/div>","protected":false},"excerpt":{"rendered":"<p>[vc_row][vc_column width=\u00a0\u00bb1\/4&Prime;][vc_empty_space height=\u00a0\u00bb15px\u00a0\u00bb][vc_gallery interval=\u00a0\u00bb0&Prime; images=\u00a0\u00bb656,650,651,652,653,654,655&Prime; img_size=\u00a0\u00bb200&#215;292&Prime;][vc_empty_space height=\u00a0\u00bb20px\u00a0\u00bb][vc_btn title=\u00a0\u00bbCommander ce livre\u00a0\u00bb color=\u00a0\u00bborange\u00a0\u00bb align=\u00a0\u00bbcenter\u00a0\u00bb i_icon_fontawesome=\u00a0\u00bbfa fa-shopping-cart\u00a0\u00bb add_icon=\u00a0\u00bbtrue\u00a0\u00bb link=\u00a0\u00bburl:https%3A%2F%2Fdedale-editions.fr%2Fwp-content%2Fuploads%2F2018%2F03%2FBDC-CHAPUIS.pdf||target:%20_blank|\u00a0\u00bb][vc_btn title=\u00a0\u00bbNous contacter\u00a0\u00bb align=\u00a0\u00bbcenter\u00a0\u00bb i_icon_fontawesome=\u00a0\u00bbfa fa-envelope\u00a0\u00bb add_icon=\u00a0\u00bbtrue\u00a0\u00bb link=\u00a0\u00bburl:https%3A%2F%2Fdedale-editions.fr%2Findex.php%2Fcontact%2F||target:%20_blank|\u00a0\u00bb][\/vc_column][vc_column width=\u00a0\u00bb3\/4&Prime;][vc_column_text] F. Chapuis &#8211; 1858<\/p>\n","protected":false},"author":1,"featured_media":656,"comment_status":"open","ping_status":"closed","sticky":false,"template":"","format":"standard","meta":{"footnotes":""},"categories":[4],"tags":[],"class_list":["post-648","post","type-post","status-publish","format-standard","has-post-thumbnail","hentry","category-paleontologie"],"_links":{"self":[{"href":"https:\/\/dedale-editions.fr\/index.php\/wp-json\/wp\/v2\/posts\/648","targetHints":{"allow":["GET"]}}],"collection":[{"href":"https:\/\/dedale-editions.fr\/index.php\/wp-json\/wp\/v2\/posts"}],"about":[{"href":"https:\/\/dedale-editions.fr\/index.php\/wp-json\/wp\/v2\/types\/post"}],"author":[{"embeddable":true,"href":"https:\/\/dedale-editions.fr\/index.php\/wp-json\/wp\/v2\/users\/1"}],"replies":[{"embeddable":true,"href":"https:\/\/dedale-editions.fr\/index.php\/wp-json\/wp\/v2\/comments?post=648"}],"version-history":[{"count":1,"href":"https:\/\/dedale-editions.fr\/index.php\/wp-json\/wp\/v2\/posts\/648\/revisions"}],"predecessor-version":[{"id":657,"href":"https:\/\/dedale-editions.fr\/index.php\/wp-json\/wp\/v2\/posts\/648\/revisions\/657"}],"wp:featuredmedia":[{"embeddable":true,"href":"https:\/\/dedale-editions.fr\/index.php\/wp-json\/wp\/v2\/media\/656"}],"wp:attachment":[{"href":"https:\/\/dedale-editions.fr\/index.php\/wp-json\/wp\/v2\/media?parent=648"}],"wp:term":[{"taxonomy":"category","embeddable":true,"href":"https:\/\/dedale-editions.fr\/index.php\/wp-json\/wp\/v2\/categories?post=648"},{"taxonomy":"post_tag","embeddable":true,"href":"https:\/\/dedale-editions.fr\/index.php\/wp-json\/wp\/v2\/tags?post=648"}],"curies":[{"name":"wp","href":"https:\/\/api.w.org\/{rel}","templated":true}]}}