{"id":381,"date":"2018-03-29T10:00:55","date_gmt":"2018-03-29T08:00:55","guid":{"rendered":"http:\/\/dedale.aureliencarpentier.com\/?p=381"},"modified":"2022-05-12T16:03:48","modified_gmt":"2022-05-12T14:03:48","slug":"ammonites-pliensbachien-inferieur-de-vendee-meridionale","status":"publish","type":"post","link":"https:\/\/dedale-editions.fr\/index.php\/ammonites-pliensbachien-inferieur-de-vendee-meridionale\/","title":{"rendered":"Les ammonites du pliensbachien inf\u00e9rieur de la Vend\u00e9e m\u00e9ridionale"},"content":{"rendered":"<div class=\"wpb-content-wrapper\"><p>[vc_row][vc_column width=\u00a0\u00bb1\/4&Prime;][vc_empty_space height=\u00a0\u00bb15px\u00a0\u00bb][vc_gallery interval=\u00a0\u00bb0&Prime; images=\u00a0\u00bb85,157,158,159,160&Prime; img_size=\u00a0\u00bb200&#215;292&Prime;][vc_empty_space height=\u00a0\u00bb20px\u00a0\u00bb][vc_btn title=\u00a0\u00bbCommander ce livre\u00a0\u00bb color=\u00a0\u00bborange\u00a0\u00bb align=\u00a0\u00bbcenter\u00a0\u00bb i_icon_fontawesome=\u00a0\u00bbfa fa-shopping-cart\u00a0\u00bb add_icon=\u00a0\u00bbtrue\u00a0\u00bb link=\u00a0\u00bburl:https%3A%2F%2Fdedale-editions.fr%2Fwp-content%2Fuploads%2F2018%2F03%2F2-BDC-PLIENSBASCHIEN.pdf||target:%20_blank|\u00a0\u00bb][vc_btn title=\u00a0\u00bbNous contacter\u00a0\u00bb align=\u00a0\u00bbcenter\u00a0\u00bb i_icon_fontawesome=\u00a0\u00bbfa fa-envelope\u00a0\u00bb add_icon=\u00a0\u00bbtrue\u00a0\u00bb link=\u00a0\u00bburl:https%3A%2F%2Fdedale-editions.fr%2Findex.php%2Fcontact%2F||target:%20_blank|\u00a0\u00bb][\/vc_column][vc_column width=\u00a0\u00bb3\/4&Prime;][vc_column_text]<\/p>\n<h3>Philippe Faur\u00e9 et Patrick Bohain &#8211; 2017<\/h3>\n<p><!--more-->[\/vc_column_text][vc_tta_accordion active_section=\u00a0\u00bb1&Prime; css=\u00a0\u00bb.vc_custom_1499089778779{padding-top: 25px !important;}\u00a0\u00bb][vc_tta_section i_icon_fontawesome=\u00a0\u00bbfa fa-list-ul\u00a0\u00bb add_icon=\u00a0\u00bbtrue\u00a0\u00bb title=\u00a0\u00bbDescription\u00a0\u00bb tab_id=\u00a0\u00bb1499089494028-32f5ed38-15a8bf60-f1691344-fe1c\u00a0\u00bb][vc_column_text]Cette premi\u00e8re description du Pliensbachien inf\u00e9rieur de la Vend\u00e9e (France) est permise par l\u2019\u00e9tude d\u2019une nouvelle coupe situ\u00e9e sur la commune du Bernard et, pour comparaison, de cinq autres coupes de Vend\u00e9e littorale et de Vend\u00e9e m\u00e9ridionale. L\u2019\u00e9tude stratigraphique de d\u00e9tail est pr\u00e9cis\u00e9e ainsi que le contexte s\u00e9dimentologique, pal\u00e9o\u00e9cologique et pal\u00e9og\u00e9ographique local.<\/p>\n<p>Les ammonites y sont remarquablement diversifi\u00e9es. Quatre vingt dix huit taxons d\u2019ammonites distincts sont d\u00e9crits et illustr\u00e9s dans cet ouvrage.<\/p>\n<p>Cette \u00e9tude a permis une nouvelle d\u00e9finition de plusieurs taxons. Deux sont \u00e9rig\u00e9s au rang d\u2019esp\u00e8ce nouvelle&nbsp;: <em>Uptonia atlantica<\/em> nov. sp., qui prolonge dans la Sous-Zone \u00e0 Masseanum le clade monophyl\u00e9tique des <em>Uptonia&nbsp;<\/em>; <em>Aegoceras truemani<\/em> nov. sp., premi\u00e8re esp\u00e8ce <em>d\u2019Aegoceras<\/em> de la Zone \u00e0 Davoei. Plusieurs autres, qui \u00e9taient peu connus et peu utilis\u00e9s, sont r\u00e9habilit\u00e9s, tels <em>Platypleuroceras amplinatrix<\/em>, <em>Acanthopleuroceras quadratum<\/em> et <em>Uptonia regnardi<\/em> dont un n\u00e9otype est ici d\u00e9sign\u00e9. Une nouvelle interpr\u00e9tation de l\u2019esp\u00e8ce <em>Uptonia jamesoni<\/em> est propos\u00e9e.<\/p>\n<p>La r\u00e9solution biostratigraphique autoris\u00e9e, notamment par la coupe du Bernard, a permis de r\u00e9partir les ammonites du Pliensbachien inf\u00e9rieur en 23 biohorizons distincts qui sont corr\u00e9l\u00e9s avec la biozonation standard en vigueur dans la Province nord-ouest-europ\u00e9enne<\/p>\n<p>Dans leur grande majorit\u00e9, les peuplements d\u2019Ammonitina vend\u00e9ennes sont clairement repr\u00e9sentatifs de la Province pal\u00e9obiog\u00e9ographique nord-ouest europ\u00e9enne. De rares esp\u00e8ces, dites ubiquistes (<em>Lytoceras, Becheiceras<\/em>), atteignent la Vend\u00e9e sous forme de plusieurs ingressions fauniques br\u00e8ves, oligosp\u00e9cifiques mais riches en individus. Un seul taxon d\u2019affinit\u00e9 nettement t\u00e9thysienne les accompagne&nbsp;: <em>Radstockiceras gemmellaroi<\/em>.<\/p>\n<p>L\u2019originalit\u00e9 des associations est cependant marqu\u00e9e par la pr\u00e9sence, dans la Zone \u00e0 Ibex, de plusieurs taxons consid\u00e9r\u00e9s \u00e0 ce jour comme repr\u00e9sentatifs de l\u2019end\u00e9misme lusitanien, <em>Acanthopleuroceras carinatum atlanticum <\/em>(Mouterde <em>et al.,<\/em> 1983)<em>, Uptonia atlantica<\/em> nov. sp, <em>Dayiceras dayiceroides <\/em>(Mouterde, 1951)<em>, <\/em>qui sont pour la premi\u00e8re fois signal\u00e9s en dehors du Portugal. La pr\u00e9sence de ces ammonites est induite par une configuration pal\u00e9og\u00e9ographique locale favorable aux \u00e9changes et aux migrations de faune. Elle t\u00e9moigne de la large ouverture de la marge vend\u00e9enne du Bassin d\u2019Aquitaine sur les bassins proto-atlantiques plus occidentaux que les reconstitutions palinspastiques d\u00e9crivent comme proches. Elles remettent en cause l\u2019existence d\u2019un end\u00e9misme purement lusitanien, au Lias, et sugg\u00e8rent un particularisme \u00ab&nbsp;atlantique&nbsp;\u00bb \u00e9largi \u00e0 l\u2019ensemble des bassins proto-oc\u00e9aniques de l\u2019Europe occidentale et \u00e0 leurs marges.<\/p>\n<p><strong>Ouvrage de 275 pages environ, au format 21 x 29,7 cm ENTIEREMENT EN COULEUR avec 60 planches, et de nombreuses figures.<\/strong><\/p>\n<ul>\n<li><strong>Prix de l\u2019ouvrage :<\/strong> 40\u20ac (\u00e0 partir du 3 juillet 2017)<\/li>\n<li><strong>Frais de port :<\/strong> 8\u20ac (10\u20ac pour 2 volumes)<\/li>\n<li><strong>ISSN :<\/strong> 0296-2055<\/li>\n<li><strong>ISBN :<\/strong> 978-2-9548452-8-9<\/li>\n<\/ul>\n<p>[\/vc_column_text][\/vc_tta_section][vc_tta_section i_icon_fontawesome=\u00a0\u00bbfa fa-user\u00a0\u00bb add_icon=\u00a0\u00bbtrue\u00a0\u00bb title=\u00a0\u00bbBiographie de l&rsquo;auteur\u00a0\u00bb tab_id=\u00a0\u00bb1499088346419-0537b792-054fbf60-f1691344-fe1c\u00a0\u00bb][vc_column_text]<strong>P<\/strong><strong>h<\/strong><strong>i<\/strong><strong>lippe Faur\u00e9 <\/strong>parcourt le Jurassique du Sud de la France depuis 1980, date de ses premi\u00e8res publications sur le Lias des Corbi\u00e8res et du Quercy. Il se sp\u00e9cialise tout naturellement dans l\u2019\u00e9tude pal\u00e9ontologique des ammonites du Lias et ne cessera de les \u00e9tudier jusqu\u2019\u00e0 ce jour. Ce sont les Pyr\u00e9n\u00e9es, auxquelles il voue l\u2019essentiel de ses travaux, qui animent sa passion de la g\u00e9ologie. Parall\u00e8lement \u00e0 des \u00e9tudes de M\u00e9decine \u2013 m\u00e9tier qu\u2019il exerce toujours en tant qu\u2019Anatomopathologiste \u2013 il suit des \u00e9tudes scientifiques et passe son DEA de G\u00e9ologie en 1982. Il soutient sa th\u00e8se sur le Lias des Pyr\u00e9n\u00e9es en 2002, int\u00e9grant les deux versants de la cha\u00eene dans une vaste synth\u00e8se lithostratigraphique, pal\u00e9og\u00e9ographique et pal\u00e9ontologique. Il a r\u00e9vis\u00e9, depuis, de nombreux points de la g\u00e9ologie du Jurassique des Pyr\u00e9n\u00e9es (Lias et Dogger), du Languedoc et de la Tunisie septentrionale et centrale.<\/p>\n<p><strong>P<\/strong><strong>a<\/strong><strong>t<\/strong><strong>r<\/strong><strong>ick Bohain <\/strong>est dipl\u00f4m\u00e9 d\u2019une \u00c9cole Sup\u00e9rieure de Management. Apr\u00e8s 25 ann\u00e9es consacr\u00e9es au d\u00e9veloppement d\u2019activit\u00e9s strat\u00e9giques, il coordonne aujourd\u2019hui les achats pour un groupe agro-alimentaire international. Sa passion pr\u00e9coce pour la g\u00e9ologie et la pal\u00e9ontologie, et ses lieux de vie, l\u2019ont conduit \u00e0 \u00e9tudier les gisements lut\u00e9tiens des Yvelines, puis les faunes de c\u00e9phalopodes du Hauterivien et du Barr\u00e9mien du Haut-Var et des Alpes de Haute Provence. Viennent ensuite les gisements embl\u00e9matiques du Lias et du Dogger de l\u2019Ouest du Bassin Parisien (Calvados, Sarthe, Deux-S\u00e8vres, Maine et Loire). Depuis bient\u00f4t 15 ans, il parcourt l\u2019estran et l\u2019arri\u00e8re-pays vend\u00e9en. Orientant ses recherches d\u2019une mani\u00e8re m\u00e9thodique, \u00e0 la recherche de chaque affleurement naturel, de chantiers temporaires ou de travaux agricoles. Faisant des relev\u00e9s de terrain et pr\u00e9levant m\u00e9thodiquement les c\u00e9phalopodes et les faunes associ\u00e9es. La d\u00e9couverte au Bernard d\u2019un gisement carixien exceptionnellement riche, l\u2019a finalement conduit \u00e0 \u00e9tudier d\u2019autres affleurements de cet \u00e9tage \u00e0 l\u2019\u00e9chelle du d\u00e9partement, avec l\u2019ambition, avec ce premier chapitre sur les c\u00e9phalopodes du Carixien vend\u00e9en, de porter cette richesse pal\u00e9ontologique \u00e0 la connaissance du plus grand nombre. Il revendique son statut de pal\u00e9ontologue amateur, position enviable de celui qui \u00ab ne sait pas \u00bb et qui prend un plaisir infini \u00e0 \u00e9changer avec \u00ab ceux qui l\u2019\u00e9clairent \u00bb.[\/vc_column_text][\/vc_tta_section][\/vc_tta_accordion][\/vc_column][\/vc_row]<\/p>\n<\/div>","protected":false},"excerpt":{"rendered":"<p>[vc_row][vc_column width=\u00a0\u00bb1\/4&Prime;][vc_empty_space height=\u00a0\u00bb15px\u00a0\u00bb][vc_gallery interval=\u00a0\u00bb0&Prime; images=\u00a0\u00bb85,157,158,159,160&Prime; img_size=\u00a0\u00bb200&#215;292&Prime;][vc_empty_space height=\u00a0\u00bb20px\u00a0\u00bb][vc_btn title=\u00a0\u00bbCommander ce livre\u00a0\u00bb color=\u00a0\u00bborange\u00a0\u00bb align=\u00a0\u00bbcenter\u00a0\u00bb i_icon_fontawesome=\u00a0\u00bbfa fa-shopping-cart\u00a0\u00bb add_icon=\u00a0\u00bbtrue\u00a0\u00bb link=\u00a0\u00bburl:https%3A%2F%2Fdedale-editions.fr%2Fwp-content%2Fuploads%2F2018%2F03%2F2-BDC-PLIENSBASCHIEN.pdf||target:%20_blank|\u00a0\u00bb][vc_btn title=\u00a0\u00bbNous contacter\u00a0\u00bb align=\u00a0\u00bbcenter\u00a0\u00bb i_icon_fontawesome=\u00a0\u00bbfa fa-envelope\u00a0\u00bb add_icon=\u00a0\u00bbtrue\u00a0\u00bb link=\u00a0\u00bburl:https%3A%2F%2Fdedale-editions.fr%2Findex.php%2Fcontact%2F||target:%20_blank|\u00a0\u00bb][\/vc_column][vc_column width=\u00a0\u00bb3\/4&Prime;][vc_column_text] Philippe Faur\u00e9 et Patrick Bohain &#8211; 2017<\/p>\n","protected":false},"author":1,"featured_media":85,"comment_status":"closed","ping_status":"closed","sticky":false,"template":"","format":"standard","meta":{"footnotes":""},"categories":[4,6],"tags":[],"class_list":["post-381","post","type-post","status-publish","format-standard","has-post-thumbnail","hentry","category-paleontologie","category-sur-mesure"],"_links":{"self":[{"href":"https:\/\/dedale-editions.fr\/index.php\/wp-json\/wp\/v2\/posts\/381","targetHints":{"allow":["GET"]}}],"collection":[{"href":"https:\/\/dedale-editions.fr\/index.php\/wp-json\/wp\/v2\/posts"}],"about":[{"href":"https:\/\/dedale-editions.fr\/index.php\/wp-json\/wp\/v2\/types\/post"}],"author":[{"embeddable":true,"href":"https:\/\/dedale-editions.fr\/index.php\/wp-json\/wp\/v2\/users\/1"}],"replies":[{"embeddable":true,"href":"https:\/\/dedale-editions.fr\/index.php\/wp-json\/wp\/v2\/comments?post=381"}],"version-history":[{"count":6,"href":"https:\/\/dedale-editions.fr\/index.php\/wp-json\/wp\/v2\/posts\/381\/revisions"}],"predecessor-version":[{"id":993,"href":"https:\/\/dedale-editions.fr\/index.php\/wp-json\/wp\/v2\/posts\/381\/revisions\/993"}],"wp:featuredmedia":[{"embeddable":true,"href":"https:\/\/dedale-editions.fr\/index.php\/wp-json\/wp\/v2\/media\/85"}],"wp:attachment":[{"href":"https:\/\/dedale-editions.fr\/index.php\/wp-json\/wp\/v2\/media?parent=381"}],"wp:term":[{"taxonomy":"category","embeddable":true,"href":"https:\/\/dedale-editions.fr\/index.php\/wp-json\/wp\/v2\/categories?post=381"},{"taxonomy":"post_tag","embeddable":true,"href":"https:\/\/dedale-editions.fr\/index.php\/wp-json\/wp\/v2\/tags?post=381"}],"curies":[{"name":"wp","href":"https:\/\/api.w.org\/{rel}","templated":true}]}}