{"id":374,"date":"2018-03-29T10:00:41","date_gmt":"2018-03-29T08:00:41","guid":{"rendered":"http:\/\/dedale.aureliencarpentier.com\/?p=374"},"modified":"2018-03-29T11:16:35","modified_gmt":"2018-03-29T09:16:35","slug":"revision-phymatoceratinae-hildoceratidae-ammonitina-france-monde","status":"publish","type":"post","link":"https:\/\/dedale-editions.fr\/index.php\/revision-phymatoceratinae-hildoceratidae-ammonitina-france-monde\/","title":{"rendered":"R\u00e9vision des Phymatoceratinae (Hildoceratidae, Ammonitina) en France et dans le monde"},"content":{"rendered":"<div class=\"wpb-content-wrapper\"><p>[vc_row][vc_column width=\u00a0\u00bb1\/4&Prime;][vc_empty_space height=\u00a0\u00bb15px\u00a0\u00bb][vc_gallery interval=\u00a0\u00bb0&Prime; images=\u00a0\u00bb84,58,57,59,60&Prime; img_size=\u00a0\u00bb200&#215;292&Prime;][vc_empty_space height=\u00a0\u00bb20px\u00a0\u00bb][vc_btn title=\u00a0\u00bbCommander ce livre\u00a0\u00bb color=\u00a0\u00bborange\u00a0\u00bb align=\u00a0\u00bbcenter\u00a0\u00bb i_icon_fontawesome=\u00a0\u00bbfa fa-shopping-cart\u00a0\u00bb add_icon=\u00a0\u00bbtrue\u00a0\u00bb link=\u00a0\u00bburl:https%3A%2F%2Fdedale-editions.fr%2Fwp-content%2Fuploads%2F2018%2F03%2F3-BDC-PHYMATO.pdf||target:%20_blank|\u00a0\u00bb][vc_btn title=\u00a0\u00bbNous contacter\u00a0\u00bb align=\u00a0\u00bbcenter\u00a0\u00bb i_icon_fontawesome=\u00a0\u00bbfa fa-envelope\u00a0\u00bb add_icon=\u00a0\u00bbtrue\u00a0\u00bb link=\u00a0\u00bburl:https%3A%2F%2Fdedale-editions.fr%2Findex.php%2Fcontact%2F||target:%20_blank|\u00a0\u00bb][\/vc_column][vc_column width=\u00a0\u00bb3\/4&Prime;][vc_column_text]<\/p>\n<h3>Louis Rulleau, Pierre Lacroix et Jean-Pierre Le Pichon &#8211; 2015<\/h3>\n<p><!--more-->[\/vc_column_text][vc_tta_accordion active_section=\u00a0\u00bb1&Prime; css=\u00a0\u00bb.vc_custom_1499089778779{padding-top: 25px !important;}\u00a0\u00bb][vc_tta_section i_icon_fontawesome=\u00a0\u00bbfa fa-list-ul\u00a0\u00bb add_icon=\u00a0\u00bbtrue\u00a0\u00bb title=\u00a0\u00bbDescription\u00a0\u00bb tab_id=\u00a0\u00bb1499089494028-32f5ed38-15a8bf60-f169ed5b-b28c\u00a0\u00bb][vc_column_text]Ouvrage de 350 pages environ, au format 21 x 29,7 cm noir et blanc et un cahier couleur avec 96 planches, et 51 figures.<\/p>\n<ul>\n<li><strong>Prix de l\u2019ouvrage :<\/strong> 45\u20ac<\/li>\n<li><strong>Frais de port :<\/strong> 8\u20ac par (10\u20ac pour 2 volumes)<\/li>\n<\/ul>\n<p>[\/vc_column_text][\/vc_tta_section][vc_tta_section i_icon_fontawesome=\u00a0\u00bbfa fa-user\u00a0\u00bb add_icon=\u00a0\u00bbtrue\u00a0\u00bb title=\u00a0\u00bbBiographie de l&rsquo;auteur\u00a0\u00bb tab_id=\u00a0\u00bb1499088346419-0537b792-054fbf60-f169ed5b-b28c\u00a0\u00bb][vc_column_text]Comme la sous-famille des Dactylioceratinae, pr\u00e9c\u00e9demment \u00e9tudi\u00e9e par Louis Rulleau et Pierre Lacroix (2013), la sous-famille des Phymatoceratinae est cosmopolite, pr\u00e9sente aussi bien dans le domaine t\u00e9thysien que dans le domaine \u00ab Circum Pacifique \u00bb.<\/p>\n<p>Cependant, elle est tr\u00e8s peu ou pas du tout repr\u00e9sent\u00e9e dans le domaine bor\u00e9al. Ce groupe d&rsquo;ammonites toarciennes est g\u00e9n\u00e9ralement assez mal connu, \u00e0 l&rsquo;exception Ce groupe d&rsquo;ammonites toarciennes est g\u00e9n\u00e9ralement assez mal connu, \u00e0 l&rsquo;exception de quelques esp\u00e8ces phares comme Haugia variabilis, choisie comme indice zonal, mais souvent interpr\u00e9t\u00e9e trop largement.<\/p>\n<p>Quant au genre Phymatoceras, cit\u00e9 dans le monde entier, il est maintenant av\u00e9r\u00e9 qu&rsquo;il ne se rencontre que dans la zone \u00e0 Bifrons de la province NW europ\u00e9enne. Dans le domaine t\u00e9thysien, les diff\u00e9rences sont donc tr\u00e8s marqu\u00e9es, comme l&rsquo;avait d\u00e9j\u00e0 prouv\u00e9 notre pr\u00e9c\u00e9dente \u00e9tude, entre les faunes d&rsquo;ammonites de la province NW europ\u00e9enne et celles de la province m\u00e9diterran\u00e9enne.<\/p>\n<p>La riche documentation (fossiles et bibliographie) que nous avons eu \u00e0 notre disposition nous a permis de montrer que les Phymatoceratinae, apparus d\u00e8s la base du Toarcien en secteur m\u00e9diterran\u00e9en, se sont par la suite s\u00e9par\u00e9s en deux branches totalement distinctes : les genres Phymatoceras, Denckmannia, Haugia et Mouterdeiceras sont uniquement inf\u00e9od\u00e9s \u00e0 la province NW europ\u00e9enne, remplac\u00e9s par les genres Sphingoceras et Furloceras qui ont colonis\u00e9 la province m\u00e9dit\u00e9rran\u00e9enne. Enfin, une faune particuli\u00e8re (genre Yakounia), mais d&rsquo;affinit\u00e9s t\u00e9thysiennes, se rencontre dans le domaine \u00ab Circum Pacifique \u00bb.<\/p>\n<p>Comme les pr\u00e9c\u00e9dents ouvrages de la m\u00eame s\u00e9rie, ce livre s&rsquo;adresse aussi bien aux collectionneurs de fossiles qui pourront s&rsquo;en aider pour d\u00e9terminer leurs r\u00e9coltes, qu&rsquo; aux scientifiques qui y trouveront r\u00e9unies toutes les donn\u00e9es concernant ce groupe d&rsquo; ammonites, \u00e0 commencer par la refiguration des types de toutes les esp\u00e8ces cit\u00e9es dans la litt\u00e9rature.[\/vc_column_text][\/vc_tta_section][\/vc_tta_accordion][\/vc_column][\/vc_row]<\/p>\n<\/div>","protected":false},"excerpt":{"rendered":"<p>[vc_row][vc_column width=\u00a0\u00bb1\/4&Prime;][vc_empty_space height=\u00a0\u00bb15px\u00a0\u00bb][vc_gallery interval=\u00a0\u00bb0&Prime; images=\u00a0\u00bb84,58,57,59,60&Prime; img_size=\u00a0\u00bb200&#215;292&Prime;][vc_empty_space height=\u00a0\u00bb20px\u00a0\u00bb][vc_btn title=\u00a0\u00bbCommander ce livre\u00a0\u00bb color=\u00a0\u00bborange\u00a0\u00bb align=\u00a0\u00bbcenter\u00a0\u00bb i_icon_fontawesome=\u00a0\u00bbfa fa-shopping-cart\u00a0\u00bb add_icon=\u00a0\u00bbtrue\u00a0\u00bb link=\u00a0\u00bburl:https%3A%2F%2Fdedale-editions.fr%2Fwp-content%2Fuploads%2F2018%2F03%2F3-BDC-PHYMATO.pdf||target:%20_blank|\u00a0\u00bb][vc_btn title=\u00a0\u00bbNous contacter\u00a0\u00bb align=\u00a0\u00bbcenter\u00a0\u00bb i_icon_fontawesome=\u00a0\u00bbfa fa-envelope\u00a0\u00bb add_icon=\u00a0\u00bbtrue\u00a0\u00bb link=\u00a0\u00bburl:https%3A%2F%2Fdedale-editions.fr%2Findex.php%2Fcontact%2F||target:%20_blank|\u00a0\u00bb][\/vc_column][vc_column width=\u00a0\u00bb3\/4&Prime;][vc_column_text] Louis Rulleau, Pierre Lacroix et Jean-Pierre Le Pichon &#8211; 2015<\/p>\n","protected":false},"author":1,"featured_media":84,"comment_status":"closed","ping_status":"closed","sticky":false,"template":"","format":"standard","meta":{"footnotes":""},"categories":[4,6],"tags":[],"class_list":["post-374","post","type-post","status-publish","format-standard","has-post-thumbnail","hentry","category-paleontologie","category-sur-mesure"],"_links":{"self":[{"href":"https:\/\/dedale-editions.fr\/index.php\/wp-json\/wp\/v2\/posts\/374","targetHints":{"allow":["GET"]}}],"collection":[{"href":"https:\/\/dedale-editions.fr\/index.php\/wp-json\/wp\/v2\/posts"}],"about":[{"href":"https:\/\/dedale-editions.fr\/index.php\/wp-json\/wp\/v2\/types\/post"}],"author":[{"embeddable":true,"href":"https:\/\/dedale-editions.fr\/index.php\/wp-json\/wp\/v2\/users\/1"}],"replies":[{"embeddable":true,"href":"https:\/\/dedale-editions.fr\/index.php\/wp-json\/wp\/v2\/comments?post=374"}],"version-history":[{"count":3,"href":"https:\/\/dedale-editions.fr\/index.php\/wp-json\/wp\/v2\/posts\/374\/revisions"}],"predecessor-version":[{"id":497,"href":"https:\/\/dedale-editions.fr\/index.php\/wp-json\/wp\/v2\/posts\/374\/revisions\/497"}],"wp:featuredmedia":[{"embeddable":true,"href":"https:\/\/dedale-editions.fr\/index.php\/wp-json\/wp\/v2\/media\/84"}],"wp:attachment":[{"href":"https:\/\/dedale-editions.fr\/index.php\/wp-json\/wp\/v2\/media?parent=374"}],"wp:term":[{"taxonomy":"category","embeddable":true,"href":"https:\/\/dedale-editions.fr\/index.php\/wp-json\/wp\/v2\/categories?post=374"},{"taxonomy":"post_tag","embeddable":true,"href":"https:\/\/dedale-editions.fr\/index.php\/wp-json\/wp\/v2\/tags?post=374"}],"curies":[{"name":"wp","href":"https:\/\/api.w.org\/{rel}","templated":true}]}}