{"id":363,"date":"2018-03-29T10:11:11","date_gmt":"2018-03-29T08:11:11","guid":{"rendered":"http:\/\/dedale.aureliencarpentier.com\/?p=363"},"modified":"2018-03-29T11:17:59","modified_gmt":"2018-03-29T09:17:59","slug":"dactylioceratidae-toarcien-inferieur-moyen-famille-cosmopolite","status":"publish","type":"post","link":"https:\/\/dedale-editions.fr\/index.php\/dactylioceratidae-toarcien-inferieur-moyen-famille-cosmopolite\/","title":{"rendered":"Les Dactylioceratidae du toarcien inf\u00e9rieur et moyen. Une famille cosmopolite."},"content":{"rendered":"<div class=\"wpb-content-wrapper\"><p>[vc_row][vc_column width=\u00a0\u00bb1\/4&Prime;][vc_empty_space height=\u00a0\u00bb15px\u00a0\u00bb][vc_gallery interval=\u00a0\u00bb0&Prime; images=\u00a0\u00bb83,137,139,141,143&Prime; img_size=\u00a0\u00bb200&#215;292&Prime;][vc_empty_space height=\u00a0\u00bb20px\u00a0\u00bb][vc_btn title=\u00a0\u00bbCommander ce livre\u00a0\u00bb color=\u00a0\u00bborange\u00a0\u00bb align=\u00a0\u00bbcenter\u00a0\u00bb i_icon_fontawesome=\u00a0\u00bbfa fa-shopping-cart\u00a0\u00bb add_icon=\u00a0\u00bbtrue\u00a0\u00bb link=\u00a0\u00bburl:https%3A%2F%2Fdedale-editions.fr%2Fwp-content%2Fuploads%2F2018%2F03%2F4-BDC-DACTYLIO-NEW.pdf||target:%20_blank|\u00a0\u00bb][vc_btn title=\u00a0\u00bbNous contacter\u00a0\u00bb align=\u00a0\u00bbcenter\u00a0\u00bb i_icon_fontawesome=\u00a0\u00bbfa fa-envelope\u00a0\u00bb add_icon=\u00a0\u00bbtrue\u00a0\u00bb link=\u00a0\u00bburl:https%3A%2F%2Fdedale-editions.fr%2Findex.php%2Fcontact%2F||target:%20_blank|\u00a0\u00bb][\/vc_column][vc_column width=\u00a0\u00bb3\/4&Prime;][vc_column_text]<\/p>\n<h3>Louis Rulleau, Pierre Lacroix, Marc B\u00e9caud et Jean-Pierre Le Pichon &#8211; 2013<\/h3>\n<p><!--more-->[\/vc_column_text][vc_tta_accordion active_section=\u00a0\u00bb1&Prime; css=\u00a0\u00bb.vc_custom_1499089778779{padding-top: 25px !important;}\u00a0\u00bb][vc_tta_section i_icon_fontawesome=\u00a0\u00bbfa fa-list-ul\u00a0\u00bb add_icon=\u00a0\u00bbtrue\u00a0\u00bb title=\u00a0\u00bbDescription\u00a0\u00bb tab_id=\u00a0\u00bb1499089494028-32f5ed38-15a8bf60-f16998eb-e80b\u00a0\u00bb][vc_column_text]Ouvrage de 248 pages environ, au format 21 x 29,7 cm noir et blanc et un cahier couleur avec 46 planches, et 50 figures.<\/p>\n<ul>\n<li><strong>Prix de l\u2019ouvrage :<\/strong> 30 euros<\/li>\n<li><strong>Frais de port :<\/strong> 8\u20ac (9\u20ac pour 2 volumes)<\/li>\n<\/ul>\n<p>[\/vc_column_text][\/vc_tta_section][vc_tta_section i_icon_fontawesome=\u00a0\u00bbfa fa-book\u00a0\u00bb add_icon=\u00a0\u00bbtrue\u00a0\u00bb title=\u00a0\u00bbPr\u00e9sentation\u00a0\u00bb tab_id=\u00a0\u00bb1499088346571-6d0ae50c-b438bf60-f16998eb-e80b\u00a0\u00bb][vc_column_text]De nombreux travaux ont \u00e9t\u00e9 consacr\u00e9s, enti\u00e8rement ou en partie, aux Dactylioceratidae et traduisent les opinions divergentes et souvent contradictoires de leurs auteurs sur cette famille complexe.<\/p>\n<p>Aucun de ces travaux n&rsquo;avait jusqu&rsquo;\u00e0 pr\u00e9sent effectu\u00e9 une synth\u00e8se des connaissances sur les faunes des diff\u00e9rents domaines pal\u00e9og\u00e9ographiques. Notre \u00e9tude, au sein de cette famille buissonnante, a port\u00e9 sur les faunes toarciennes qui constituent la sous-famille des Dactylioceratinae.<\/p>\n<p>Un tr\u00e8s grand nombre de genres et d&rsquo;esp\u00e8ces ont \u00e9t\u00e9 d\u00e9crits depuis le d\u00e9but du dix-neuvi\u00e8me si\u00e8cle et il nous a fallu choisir parmi eux ceux qui m\u00e9ritaient d&rsquo;\u00eatre valid\u00e9s. Nous nous sommes appuy\u00e9s pour cela sur trois sortes d&rsquo;arguments : morphologiques bien s\u00fbr, mais auusi stratigraphiques et pal\u00e9og\u00e9ographiques. Nous avons ainsi pu s\u00e9lectionner 170 esp\u00e8ces appartenant \u00e0 22 genres (ou sous-genres), tous d\u00e9crits et figur\u00e9s dans l&rsquo;ouvrage.<\/p>\n<p>Ce travail de synth\u00e8se nous a permis de bien mettre en relief la s\u00e9gr\u00e9gation quasi-totale existant entre les formes des provinces NW europ\u00e9enne et m\u00e9diterran\u00e9enne. Il nous a \u00e9galement permis de reconsid\u00e9rer la question de la pr\u00e9sence de rares formes m\u00e9diterran\u00e9ennes dans les Causses et invit\u00e9 \u00e0 consid\u00e9rer la question complexe de la phylogen\u00e8se de ce groupe.<\/p>\n<p>Ce travail s&rsquo;adresse aux collectionneurs de fossiles qui y trouveront les \u00e9l\u00e9ments de d\u00e9termination de leurs sp\u00e9cimens, mais aussi aux scientifiques du fait du grand int\u00e9r\u00eat biostratigraphique de ce groupe, dont les esp\u00e8ces ont souvent \u00e9t\u00e9 utilis\u00e9es comme indices de zones, sous-zones ou horizons dans les diff\u00e9rents domaines pal\u00e9og\u00e9ographiques.[\/vc_column_text][\/vc_tta_section][\/vc_tta_accordion][\/vc_column][\/vc_row]<\/p>\n<\/div>","protected":false},"excerpt":{"rendered":"<p>[vc_row][vc_column width=\u00a0\u00bb1\/4&Prime;][vc_empty_space height=\u00a0\u00bb15px\u00a0\u00bb][vc_gallery interval=\u00a0\u00bb0&Prime; images=\u00a0\u00bb83,137,139,141,143&Prime; img_size=\u00a0\u00bb200&#215;292&Prime;][vc_empty_space height=\u00a0\u00bb20px\u00a0\u00bb][vc_btn title=\u00a0\u00bbCommander ce livre\u00a0\u00bb color=\u00a0\u00bborange\u00a0\u00bb align=\u00a0\u00bbcenter\u00a0\u00bb i_icon_fontawesome=\u00a0\u00bbfa fa-shopping-cart\u00a0\u00bb add_icon=\u00a0\u00bbtrue\u00a0\u00bb link=\u00a0\u00bburl:https%3A%2F%2Fdedale-editions.fr%2Fwp-content%2Fuploads%2F2018%2F03%2F4-BDC-DACTYLIO-NEW.pdf||target:%20_blank|\u00a0\u00bb][vc_btn title=\u00a0\u00bbNous contacter\u00a0\u00bb align=\u00a0\u00bbcenter\u00a0\u00bb i_icon_fontawesome=\u00a0\u00bbfa fa-envelope\u00a0\u00bb add_icon=\u00a0\u00bbtrue\u00a0\u00bb link=\u00a0\u00bburl:https%3A%2F%2Fdedale-editions.fr%2Findex.php%2Fcontact%2F||target:%20_blank|\u00a0\u00bb][\/vc_column][vc_column width=\u00a0\u00bb3\/4&Prime;][vc_column_text] Louis Rulleau, Pierre Lacroix, Marc B\u00e9caud et Jean-Pierre Le Pichon &#8211; 2013<\/p>\n","protected":false},"author":1,"featured_media":83,"comment_status":"closed","ping_status":"closed","sticky":false,"template":"","format":"standard","meta":{"footnotes":""},"categories":[4,6],"tags":[],"class_list":["post-363","post","type-post","status-publish","format-standard","has-post-thumbnail","hentry","category-paleontologie","category-sur-mesure"],"_links":{"self":[{"href":"https:\/\/dedale-editions.fr\/index.php\/wp-json\/wp\/v2\/posts\/363","targetHints":{"allow":["GET"]}}],"collection":[{"href":"https:\/\/dedale-editions.fr\/index.php\/wp-json\/wp\/v2\/posts"}],"about":[{"href":"https:\/\/dedale-editions.fr\/index.php\/wp-json\/wp\/v2\/types\/post"}],"author":[{"embeddable":true,"href":"https:\/\/dedale-editions.fr\/index.php\/wp-json\/wp\/v2\/users\/1"}],"replies":[{"embeddable":true,"href":"https:\/\/dedale-editions.fr\/index.php\/wp-json\/wp\/v2\/comments?post=363"}],"version-history":[{"count":3,"href":"https:\/\/dedale-editions.fr\/index.php\/wp-json\/wp\/v2\/posts\/363\/revisions"}],"predecessor-version":[{"id":499,"href":"https:\/\/dedale-editions.fr\/index.php\/wp-json\/wp\/v2\/posts\/363\/revisions\/499"}],"wp:featuredmedia":[{"embeddable":true,"href":"https:\/\/dedale-editions.fr\/index.php\/wp-json\/wp\/v2\/media\/83"}],"wp:attachment":[{"href":"https:\/\/dedale-editions.fr\/index.php\/wp-json\/wp\/v2\/media?parent=363"}],"wp:term":[{"taxonomy":"category","embeddable":true,"href":"https:\/\/dedale-editions.fr\/index.php\/wp-json\/wp\/v2\/categories?post=363"},{"taxonomy":"post_tag","embeddable":true,"href":"https:\/\/dedale-editions.fr\/index.php\/wp-json\/wp\/v2\/tags?post=363"}],"curies":[{"name":"wp","href":"https:\/\/api.w.org\/{rel}","templated":true}]}}